{"id":105,"date":"2020-06-25T03:03:44","date_gmt":"2020-06-25T03:03:44","guid":{"rendered":"https:\/\/radiovictoria.com.ar\/?p=105"},"modified":"2020-06-29T20:28:54","modified_gmt":"2020-06-29T20:28:54","slug":"tcl-reconocido-mundialmente-por-su-innovacion-premio-de-oro-en-ces-2020-por-su-8k-qled-tv","status":"publish","type":"post","link":"https:\/\/radiovictoria.com.ar\/es\/2020\/06\/25\/tcl-reconocido-mundialmente-por-su-innovacion-premio-de-oro-en-ces-2020-por-su-8k-qled-tv\/","title":{"rendered":"TCL RECONOCIDO MUNDIALMENTE POR SU INNOVACI\u00d3N: PREMIO DE ORO EN CES 2020  POR SU 8K QLED TV"},"content":{"rendered":"","protected":false},"excerpt":{"rendered":"<p>Las Vegas, 9 de enero de 2020 \u2013 TCL Electronics (1070.HK), un jugador dominante en la industria global de la televisi\u00f3n y empresa l\u00edder en electr\u00f3nica de consumo, ha sido galardonado con el m\u00e1ximo premio por el International Data Group (IDG) en el CES 2020.El premio otorgado a la compa\u00f1\u00eda TCL es el:  \u00ab8K QLED TV Gold Award 2019-2020\u00bb por su producto premium X Series X915.El premio reconoce la impresionante competitividad del producto de TCL y la tecnolog\u00eda innovadora l\u00edder en la industria.<\/p>\n","protected":false},"author":1,"featured_media":143,"comment_status":"open","ping_status":"open","sticky":false,"template":"","format":"standard","meta":[],"categories":[1],"tags":[],"_links":{"self":[{"href":"https:\/\/radiovictoria.com.ar\/es\/wp-json\/wp\/v2\/posts\/105"}],"collection":[{"href":"https:\/\/radiovictoria.com.ar\/es\/wp-json\/wp\/v2\/posts"}],"about":[{"href":"https:\/\/radiovictoria.com.ar\/es\/wp-json\/wp\/v2\/types\/post"}],"author":[{"embeddable":true,"href":"https:\/\/radiovictoria.com.ar\/es\/wp-json\/wp\/v2\/users\/1"}],"replies":[{"embeddable":true,"href":"https:\/\/radiovictoria.com.ar\/es\/wp-json\/wp\/v2\/comments?post=105"}],"version-history":[{"count":3,"href":"https:\/\/radiovictoria.com.ar\/es\/wp-json\/wp\/v2\/posts\/105\/revisions"}],"predecessor-version":[{"id":123,"href":"https:\/\/radiovictoria.com.ar\/es\/wp-json\/wp\/v2\/posts\/105\/revisions\/123"}],"wp:featuredmedia":[{"embeddable":true,"href":"https:\/\/radiovictoria.com.ar\/es\/wp-json\/wp\/v2\/media\/143"}],"wp:attachment":[{"href":"https:\/\/radiovictoria.com.ar\/es\/wp-json\/wp\/v2\/media?parent=105"}],"wp:term":[{"taxonomy":"category","embeddable":true,"href":"https:\/\/radiovictoria.com.ar\/es\/wp-json\/wp\/v2\/categories?post=105"},{"taxonomy":"post_tag","embeddable":true,"href":"https:\/\/radiovictoria.com.ar\/es\/wp-json\/wp\/v2\/tags?post=105"}],"curies":[{"name":"wp","href":"https:\/\/api.w.org\/{rel}","templated":true}]}}